{"id":89,"date":"2017-09-01T15:37:05","date_gmt":"2017-09-01T15:37:05","guid":{"rendered":"http:\/\/temposradiante.com\/?p=89"},"modified":"2017-09-01T15:37:05","modified_gmt":"2017-09-01T15:37:05","slug":"projetos-de-eficiencia-energetica-beneficiam-hospitais-e-instituicoes-de-ensino","status":"publish","type":"post","link":"https:\/\/temposradiante.com\/?p=89","title":{"rendered":"Projetos de Efici\u00eancia Energ\u00e9tica beneficiam hospitais e institui\u00e7\u00f5es de ensino"},"content":{"rendered":"<p id=\"yui_3_16_0_1_1504279922193_2446\" class=\"yiv5854328287MsoNoSpacing\" align=\"center\"><strong><i id=\"yui_3_16_0_1_1504279922193_2445\"><span id=\"yui_3_16_0_1_1504279922193_2444\">Energisa investe aproximadamente R$ 900 mil em equipamentos mais eficientes<\/span><\/i><\/strong><\/p>\n<p id=\"yui_3_16_0_1_1504279922193_2463\" class=\"yiv5854328287MsoNoSpacing\">\u00a0<span id=\"yui_3_16_0_1_1504279922193_2451\">Contribuindo para o desenvolvimento econ\u00f4mico e social da \u00e1rea em que atua, a Energisa d\u00e1 in\u00edcio neste m\u00eas de setembro \u00e0s a\u00e7\u00f5es de efici\u00eancia energ\u00e9tica em quatro cidades de Minas: Cataguases, Leopoldina, S\u00e3o Jo\u00e3o Nepomuceno e Ub\u00e1. A iniciativa tamb\u00e9m conscientiza para o\u00a0<\/span><span id=\"yui_3_16_0_1_1504279922193_2454\">uso<span id=\"yui_3_16_0_1_1504279922193_2453\">\u00a0racional da energia el\u00e9trica e o combate ao desperd\u00edcio.<\/span><\/span><\/p>\n<p id=\"yui_3_16_0_1_1504279922193_2455\" class=\"yiv5854328287MsoNoSpacing\">\n<!--more--><\/p>\n<p id=\"yui_3_16_0_1_1504279922193_2456\" class=\"yiv5854328287MsoNoSpacing\"><span id=\"yui_3_16_0_1_1504279922193_2460\">Ser\u00e3o beneficiados com essa a\u00e7\u00e3o: o Hospital de Cataguases, a Casa de Caridade Leopoldinense, a Associa\u00e7\u00e3o de Caridade S\u00e3o Jo\u00e3o Nepomuceno, o Instituto Ensinar Brasil de Cataguases e de Leopoldina e mais tr\u00eas escolas estaduais de Ub\u00e1.<\/span><\/p>\n<p id=\"yui_3_16_0_1_1504279922193_2459\" class=\"yiv5854328287MsoNoSpacing\">\u00a0Ao todo ser\u00e3o investidos cerca de R$ 900 mil na substitui\u00e7\u00e3o de equipamentos obsoletos por tecnologias mais eficientes, visando \u00e0 redu\u00e7\u00e3o do consumo de energia e consequentemente das despesas financeiras com energia el\u00e9trica, al\u00e9m da moderniza\u00e7\u00e3o tecnol\u00f3gica e melhoria do conforto dos usu\u00e1rios com a eficientiza\u00e7\u00e3o energ\u00e9tica das unidades consumidoras contempladas.<\/p>\n<p class=\"yiv5854328287MsoNoSpacing\">\u00a0<span id=\"yui_3_16_0_1_1504279922193_4205\">Os projetos, selecionados via chamada p\u00fablica, contemplam a substitui\u00e7\u00e3o de mais de 4 mil l\u00e2mpadas ineficientes por l\u00e2mpadas LED, 78 condicionadores de ar, tr\u00eas bebedouros, tr\u00eas\u00a0<\/span><span id=\"yui_3_16_0_1_1504279922193_4146\">refrigeradores de vacinas, oito freezers, oito geladeiras e a instala\u00e7\u00e3o de pain\u00e9is fotovoltaicos.<\/span><\/p>\n<p id=\"yui_3_16_0_1_1504279922193_4148\" class=\"yiv5854328287MsoNoSpacing\">\u00a0Com essas mudan\u00e7as, a expectativa \u00e9 de uma economia anual de energia el\u00e9trica de aproximadamente 475,60 MWh\/ano, energia suficiente para abastecer em m\u00e9dia, 2.640 casas por um m\u00eas. O encerramento dos projetos est\u00e1 previsto para mar\u00e7o do pr\u00f3ximo ano.<\/p>\n","protected":false},"excerpt":{"rendered":"<p>Energisa investe aproximadamente R$ 900 mil em equipamentos mais eficientes \u00a0Contribuindo para o desenvolvimento econ\u00f4mico e social da \u00e1rea em que atua, a Energisa d\u00e1 in\u00edcio neste m\u00eas de setembro \u00e0s a\u00e7\u00f5es de efici\u00eancia energ\u00e9tica em quatro cidades de Minas: Cataguases, Leopoldina, S\u00e3o Jo\u00e3o Nepomuceno e Ub\u00e1. A iniciativa tamb\u00e9m conscientiza para o\u00a0uso\u00a0racional da energia [&hellip;]<\/p>\n","protected":false},"author":1,"featured_media":0,"comment_status":"closed","ping_status":"open","sticky":false,"template":"","format":"standard","meta":{"footnotes":""},"categories":[3],"tags":[],"_links":{"self":[{"href":"https:\/\/temposradiante.com\/index.php?rest_route=\/wp\/v2\/posts\/89"}],"collection":[{"href":"https:\/\/temposradiante.com\/index.php?rest_route=\/wp\/v2\/posts"}],"about":[{"href":"https:\/\/temposradiante.com\/index.php?rest_route=\/wp\/v2\/types\/post"}],"author":[{"embeddable":true,"href":"https:\/\/temposradiante.com\/index.php?rest_route=\/wp\/v2\/users\/1"}],"replies":[{"embeddable":true,"href":"https:\/\/temposradiante.com\/index.php?rest_route=%2Fwp%2Fv2%2Fcomments&post=89"}],"version-history":[{"count":1,"href":"https:\/\/temposradiante.com\/index.php?rest_route=\/wp\/v2\/posts\/89\/revisions"}],"predecessor-version":[{"id":90,"href":"https:\/\/temposradiante.com\/index.php?rest_route=\/wp\/v2\/posts\/89\/revisions\/90"}],"wp:attachment":[{"href":"https:\/\/temposradiante.com\/index.php?rest_route=%2Fwp%2Fv2%2Fmedia&parent=89"}],"wp:term":[{"taxonomy":"category","embeddable":true,"href":"https:\/\/temposradiante.com\/index.php?rest_route=%2Fwp%2Fv2%2Fcategories&post=89"},{"taxonomy":"post_tag","embeddable":true,"href":"https:\/\/temposradiante.com\/index.php?rest_route=%2Fwp%2Fv2%2Ftags&post=89"}],"curies":[{"name":"wp","href":"https:\/\/api.w.org\/{rel}","templated":true}]}}