{"id":48,"date":"2016-07-04T19:34:00","date_gmt":"2016-07-04T19:34:00","guid":{"rendered":"http:\/\/temposradiante.com\/?p=48"},"modified":"2016-07-04T19:35:23","modified_gmt":"2016-07-04T19:35:23","slug":"video-sobre-mauro-de-almeida-pereira-tem-tudo-a-ver-com-tempos-radiante","status":"publish","type":"post","link":"http:\/\/temposradiante.com\/?p=48","title":{"rendered":"V\u00eddeo sobre Mauro de Almeida Pereira tem tudo a ver com Tempos Radiante"},"content":{"rendered":"<p><iframe loading=\"lazy\" width=\"420\" height=\"315\" src=\"https:\/\/www.youtube.com\/embed\/_i15TDaAPw0\" frameborder=\"0\" allowfullscreen><\/iframe><\/p>\n<p>A partir das 17 horas , NESTA SEGUNDA-FEIRA, DIA 4 DE JULHO\/2016, a R\u00e1dio Web Radiante Recreio, de O JORNAL DE RECREIO,Minas apresenta o primeiro n\u00famero de seu projeto RECREIO DE BOA MEM\u00d3RIA em vers\u00e3o oral, dando continuidade ao que j\u00e1 vem sendo feito nas edi\u00e7\u00f5es impressas de OJR,M. O programa , vai focar MAURO DE ALMEIDA PEREIRA ( 1915 \/ 2001 ) e relembrar de suas atua\u00e7\u00f5es que tem tudo a ver com a nossa hist\u00f3ria, pois o Not\u00e1rio, genealogista. escritor e historiados Mauro foi Secret\u00e1rio Municipal e Escriv\u00e3o em Recreio, tendo colaborado nos jornais O Verbo e Voz da Cidade ( este na d\u00e9cada de 90, escrevendo artigos sobre a hist\u00f3ria do nosso munic\u00edpio), al\u00e9m de outros jornais , de Leopoldina e regi\u00e3o, falando sempre na hist\u00f3ria dos munic\u00edpios da regi\u00e3o. OUVIR NA R\u00c1DIO <a href=\"http:\/\/radianterecreio.net\/\" title=\"RADIANTE RECREIO\" target=\"_blank\">RADIANTE RECREIO <\/a><\/p>\n<p>mais informa\u00e7\u00e3o sobre o programa de lan\u00e7amento em <a href=\"http:\/\/radianterecreio.com.br\/recreio-de-boa-memoria-da-radio-web-do-jornal-de-recreio-estreia-nessa-segunda-feira-homenageando-mauro-de-almeida-pereira\/\" title=\"RADIANTE RECREIO\" target=\"_blank\">RADIANTE RECREIO<\/a> <\/p>\n","protected":false},"excerpt":{"rendered":"<p>A partir das 17 horas , NESTA SEGUNDA-FEIRA, DIA 4 DE JULHO\/2016, a R\u00e1dio Web Radiante Recreio, de O JORNAL DE RECREIO,Minas apresenta o primeiro n\u00famero de seu projeto RECREIO DE BOA MEM\u00d3RIA em vers\u00e3o oral, dando continuidade ao que j\u00e1 vem sendo feito nas edi\u00e7\u00f5es impressas de OJR,M. O programa , vai focar MAURO [&hellip;]<\/p>\n","protected":false},"author":1,"featured_media":0,"comment_status":"closed","ping_status":"open","sticky":false,"template":"","format":"standard","meta":{"footnotes":""},"categories":[4,1,3],"tags":[],"_links":{"self":[{"href":"http:\/\/temposradiante.com\/index.php?rest_route=\/wp\/v2\/posts\/48"}],"collection":[{"href":"http:\/\/temposradiante.com\/index.php?rest_route=\/wp\/v2\/posts"}],"about":[{"href":"http:\/\/temposradiante.com\/index.php?rest_route=\/wp\/v2\/types\/post"}],"author":[{"embeddable":true,"href":"http:\/\/temposradiante.com\/index.php?rest_route=\/wp\/v2\/users\/1"}],"replies":[{"embeddable":true,"href":"http:\/\/temposradiante.com\/index.php?rest_route=%2Fwp%2Fv2%2Fcomments&post=48"}],"version-history":[{"count":2,"href":"http:\/\/temposradiante.com\/index.php?rest_route=\/wp\/v2\/posts\/48\/revisions"}],"predecessor-version":[{"id":50,"href":"http:\/\/temposradiante.com\/index.php?rest_route=\/wp\/v2\/posts\/48\/revisions\/50"}],"wp:attachment":[{"href":"http:\/\/temposradiante.com\/index.php?rest_route=%2Fwp%2Fv2%2Fmedia&parent=48"}],"wp:term":[{"taxonomy":"category","embeddable":true,"href":"http:\/\/temposradiante.com\/index.php?rest_route=%2Fwp%2Fv2%2Fcategories&post=48"},{"taxonomy":"post_tag","embeddable":true,"href":"http:\/\/temposradiante.com\/index.php?rest_route=%2Fwp%2Fv2%2Ftags&post=48"}],"curies":[{"name":"wp","href":"https:\/\/api.w.org\/{rel}","templated":true}]}}